{"id":995,"date":"2018-01-17T21:24:07","date_gmt":"2018-01-17T20:24:07","guid":{"rendered":"http:\/\/funke-grundschule.de\/?p=995"},"modified":"2018-11-28T13:20:52","modified_gmt":"2018-11-28T12:20:52","slug":"sturmwarnung-am-do-18-01-2018","status":"publish","type":"post","link":"https:\/\/funke-grundschule.de\/?p=995","title":{"rendered":"!!!Sturmwarnung am Do, 18.01.2018!!!"},"content":{"rendered":"<div>\n<div>\n<div id=\"xc213dc1b047b4cba957841f6de4ec2e4\">\n<div>\n<div>Liebe Eltern der Funkeschule,<\/div>\n<div><\/div>\n<div>wie Sie vermutlich aus den regionalen Nachrichten erfahren haben, ist es morgen <strong>Ihre Entscheidung<\/strong>, ob Sie Ihr Kind in die Schule schicken\/ bringen oder nicht.<\/div>\n<div><\/div>\n<div><strong>Wir empfehlen<\/strong>, Ihr Kind aufgrund der starken Sturmwarnung <strong>zuhause zu lassen<\/strong>. Eine <strong>Betreuung<\/strong> in der Schule ist aber <strong>gew\u00e4hrleistet<\/strong>.<\/div>\n<\/div>\n<div><\/div>\n<div>Sollten Sie sich daf\u00fcr entscheiden, dass Ihr Kind morgen die Schule\u00a0 nicht besucht, <strong>melden Sie Ihr Kind<\/strong> bitte von der Schule <strong>ab<\/strong>. W\u00e4hlen Sie hierf\u00fcr den f\u00fcr Ihre Klasse \u00fcblichen Weg (E-Mail oder WhatsApp an Klassenlehrer\/in, Anruf im Schulsekretariat).<\/div>\n<div>\n<div><\/div>\n<div>Bitte folgen Sie auch diesem Link zur Seite der Bezirksregierung Arnsberg!<\/div>\n<div><a href=\"https:\/\/www.bezreg-arnsberg.nrw.de\/presse\/2018\/01\/011_18_01_17\/index.php\">https:\/\/www.bezreg-arnsberg.nrw.de\/presse\/2018\/01\/011_18_01_17\/index.php<\/a><\/div>\n<div><\/div>\n<div>Freundliche Gr\u00fc\u00dfe<\/div>\n<div>Ihr Funke-Team<\/div>\n<\/div>\n<\/div>\n<\/div>\n<\/div>\n","protected":false},"excerpt":{"rendered":"<p>Liebe Eltern der Funkeschule, wie Sie vermutlich aus den regionalen Nachrichten erfahren haben, ist es morgen Ihre Entscheidung, ob Sie Ihr Kind in die Schule schicken\/ bringen oder nicht. Wir empfehlen, Ihr Kind aufgrund der starken Sturmwarnung zuhause zu lassen&#8230;.<\/p>\n","protected":false},"author":3,"featured_media":0,"comment_status":"closed","ping_status":"closed","sticky":false,"template":"","format":"standard","meta":[],"categories":[1],"tags":[],"_links":{"self":[{"href":"https:\/\/funke-grundschule.de\/index.php?rest_route=\/wp\/v2\/posts\/995"}],"collection":[{"href":"https:\/\/funke-grundschule.de\/index.php?rest_route=\/wp\/v2\/posts"}],"about":[{"href":"https:\/\/funke-grundschule.de\/index.php?rest_route=\/wp\/v2\/types\/post"}],"author":[{"embeddable":true,"href":"https:\/\/funke-grundschule.de\/index.php?rest_route=\/wp\/v2\/users\/3"}],"replies":[{"embeddable":true,"href":"https:\/\/funke-grundschule.de\/index.php?rest_route=%2Fwp%2Fv2%2Fcomments&post=995"}],"version-history":[{"count":3,"href":"https:\/\/funke-grundschule.de\/index.php?rest_route=\/wp\/v2\/posts\/995\/revisions"}],"predecessor-version":[{"id":2211,"href":"https:\/\/funke-grundschule.de\/index.php?rest_route=\/wp\/v2\/posts\/995\/revisions\/2211"}],"wp:attachment":[{"href":"https:\/\/funke-grundschule.de\/index.php?rest_route=%2Fwp%2Fv2%2Fmedia&parent=995"}],"wp:term":[{"taxonomy":"category","embeddable":true,"href":"https:\/\/funke-grundschule.de\/index.php?rest_route=%2Fwp%2Fv2%2Fcategories&post=995"},{"taxonomy":"post_tag","embeddable":true,"href":"https:\/\/funke-grundschule.de\/index.php?rest_route=%2Fwp%2Fv2%2Ftags&post=995"}],"curies":[{"name":"wp","href":"https:\/\/api.w.org\/{rel}","templated":true}]}}