{"id":8054,"date":"2026-03-13T10:18:00","date_gmt":"2026-03-13T09:18:00","guid":{"rendered":"https:\/\/funke-grundschule.de\/?p=8054"},"modified":"2026-03-10T10:20:02","modified_gmt":"2026-03-10T09:20:02","slug":"neue-lehrkraft-an-der-funkeschule","status":"publish","type":"post","link":"https:\/\/funke-grundschule.de\/?p=8054","title":{"rendered":"Neue Lehrkraft an der Funkeschule"},"content":{"rendered":"\n<div class=\"wp-block-media-text alignwide is-stacked-on-mobile\"><figure class=\"wp-block-media-text__media\"><img loading=\"lazy\" width=\"731\" height=\"1024\" src=\"https:\/\/funke-grundschule.de\/wp-content\/uploads\/2026\/03\/2024_0036H-731x1024.jpg\" alt=\"\" class=\"wp-image-8055 size-full\" srcset=\"https:\/\/funke-grundschule.de\/wp-content\/uploads\/2026\/03\/2024_0036H-731x1024.jpg 731w, https:\/\/funke-grundschule.de\/wp-content\/uploads\/2026\/03\/2024_0036H-214x300.jpg 214w, https:\/\/funke-grundschule.de\/wp-content\/uploads\/2026\/03\/2024_0036H-768x1075.jpg 768w, https:\/\/funke-grundschule.de\/wp-content\/uploads\/2026\/03\/2024_0036H-1097x1536.jpg 1097w, https:\/\/funke-grundschule.de\/wp-content\/uploads\/2026\/03\/2024_0036H-1463x2048.jpg 1463w, https:\/\/funke-grundschule.de\/wp-content\/uploads\/2026\/03\/2024_0036H-1130x1582.jpg 1130w, https:\/\/funke-grundschule.de\/wp-content\/uploads\/2026\/03\/2024_0036H-760x1064.jpg 760w, https:\/\/funke-grundschule.de\/wp-content\/uploads\/2026\/03\/2024_0036H-scaled.jpg 1829w\" sizes=\"(max-width: 731px) 100vw, 731px\" \/><\/figure><div class=\"wp-block-media-text__content\">\n<p><strong>Mein Name ist Isabel Blanco Gonz\u00e1lez.<\/strong><\/p>\n\n\n\n<p>Ich unterrichte die F\u00e4cher Deutsch, Deutsch als Zweitsprache (DaZ) und Sport. Urspr\u00fcnglich habe ich das gymnasiale Lehramt in Hessen studiert, war jedoch schon w\u00e4hrenddessen mit gro\u00dfer Begeisterung auch an Grundschulen im Einsatz. Daher freue ich mich besonders, seit Februar dieses Jahres Teil des Kollegiums an der Funke-Grundschule zu sein und meinen Horizont hier \u201e\u00fcber den Tellerrand\u201c hinaus erweitern zu k\u00f6nnen.<\/p>\n\n\n\n<p>Als ehemalige Sch\u00fclerin bin ich selbst \u00fcber die Schule zum Schwimmsport gekommen, den ich sp\u00e4ter auch leistungssportlich betrieben habe \u2013 umso mehr liegt es mir am Herzen, Kinder f\u00fcr Bewegung zu begeistern und sie zum Weitermachen, beispielsweise in Vereinen, zu ermutigen.<\/p>\n\n\n\n<p>Neben dem Sport bin ich gern kreativ: Ob Basteln, kreatives Schreiben oder das Entwickeln eigener Spiele z. B. im Sportunterricht \u2013 gemeinsam mit den Lernenden neue Perspektiven zu entdecken, bereitet mir gro\u00dfe Freude.<\/p>\n\n\n\n<p>Team Funkeschule<\/p>\n<\/div><\/div>\n","protected":false},"excerpt":{"rendered":"<p>Mein Name ist Isabel Blanco Gonz\u00e1lez. Ich unterrichte die F\u00e4cher Deutsch, Deutsch als Zweitsprache (DaZ) und Sport. Urspr\u00fcnglich habe ich das gymnasiale Lehramt in Hessen studiert, war jedoch schon w\u00e4hrenddessen mit gro\u00dfer Begeisterung auch an Grundschulen im Einsatz. Daher freue&#8230;<\/p>\n","protected":false},"author":3,"featured_media":0,"comment_status":"closed","ping_status":"closed","sticky":false,"template":"","format":"standard","meta":[],"categories":[1],"tags":[],"_links":{"self":[{"href":"https:\/\/funke-grundschule.de\/index.php?rest_route=\/wp\/v2\/posts\/8054"}],"collection":[{"href":"https:\/\/funke-grundschule.de\/index.php?rest_route=\/wp\/v2\/posts"}],"about":[{"href":"https:\/\/funke-grundschule.de\/index.php?rest_route=\/wp\/v2\/types\/post"}],"author":[{"embeddable":true,"href":"https:\/\/funke-grundschule.de\/index.php?rest_route=\/wp\/v2\/users\/3"}],"replies":[{"embeddable":true,"href":"https:\/\/funke-grundschule.de\/index.php?rest_route=%2Fwp%2Fv2%2Fcomments&post=8054"}],"version-history":[{"count":1,"href":"https:\/\/funke-grundschule.de\/index.php?rest_route=\/wp\/v2\/posts\/8054\/revisions"}],"predecessor-version":[{"id":8056,"href":"https:\/\/funke-grundschule.de\/index.php?rest_route=\/wp\/v2\/posts\/8054\/revisions\/8056"}],"wp:attachment":[{"href":"https:\/\/funke-grundschule.de\/index.php?rest_route=%2Fwp%2Fv2%2Fmedia&parent=8054"}],"wp:term":[{"taxonomy":"category","embeddable":true,"href":"https:\/\/funke-grundschule.de\/index.php?rest_route=%2Fwp%2Fv2%2Fcategories&post=8054"},{"taxonomy":"post_tag","embeddable":true,"href":"https:\/\/funke-grundschule.de\/index.php?rest_route=%2Fwp%2Fv2%2Ftags&post=8054"}],"curies":[{"name":"wp","href":"https:\/\/api.w.org\/{rel}","templated":true}]}}