{"id":6703,"date":"2023-06-15T08:41:38","date_gmt":"2023-06-15T06:41:38","guid":{"rendered":"https:\/\/funke-grundschule.de\/?p=6703"},"modified":"2023-06-15T08:42:33","modified_gmt":"2023-06-15T06:42:33","slug":"family-treffen-an-der-funkeschule","status":"publish","type":"post","link":"https:\/\/funke-grundschule.de\/?p=6703","title":{"rendered":"FamilY Treffen an der Funkeschule"},"content":{"rendered":"<div class=\"wp-block-image\">\n<figure class=\"aligncenter size-large is-resized\"><a  href=\"https:\/\/funke-grundschule.de\/wp-content\/uploads\/2023\/06\/family-c.jpg\" data-rel=\"lightbox-gallery-0\" data-rl_title=\"\" data-rl_caption=\"\" title=\"\"><img loading=\"lazy\" src=\"http:\/\/funke-grundschule.de\/wp-content\/uploads\/2023\/06\/family-c-689x1024.jpg\" alt=\"\" class=\"wp-image-6697\" width=\"323\" height=\"480\" srcset=\"https:\/\/funke-grundschule.de\/wp-content\/uploads\/2023\/06\/family-c-689x1024.jpg 689w, https:\/\/funke-grundschule.de\/wp-content\/uploads\/2023\/06\/family-c-202x300.jpg 202w, https:\/\/funke-grundschule.de\/wp-content\/uploads\/2023\/06\/family-c-768x1141.jpg 768w, https:\/\/funke-grundschule.de\/wp-content\/uploads\/2023\/06\/family-c-760x1129.jpg 760w, https:\/\/funke-grundschule.de\/wp-content\/uploads\/2023\/06\/family-c.jpg 924w\" sizes=\"(max-width: 323px) 100vw, 323px\" \/><\/a><\/figure><\/div>\n\n\n<p>Seit dem Schuljahr 2021\/2022 sind wir offizielle FamilY Begleiterinnen!<\/p>\n\n\n\n<p>Jedes 2. Schulhalbjahr finden&nbsp; drei Treffen vor den Sommerferien statt. Zu diesen Treffen sind alle Erziehungsberechtigten der Lernanf\u00e4nger*innen herzlich eingeladen.<\/p>\n\n\n\n<p>Mit unserer Hilfe werden die Eltern in den neuen Lebensabschnitt des \u00dcbergangs vom Kindergarten in die Grundschule begleitet. Dabei ist es uns wichtig, dass sich die Erziehungsberechtigten&nbsp; miteinander austauschen und \u00fcber ihre Erfahrungen berichten. Au\u00dferdem dienen die Treffen zum Kennenlernen der Erziehungsberechtigten und auch der Kinder untereinander.<\/p>\n\n\n\n<p>Diese Treffen sind f\u00fcr Sie als Elternteil <strong>kostenlos.<\/strong><\/p>\n\n\n\n<p><strong>Wir bieten f\u00fcr die Treffen eine Kinderbetreuung an, so dass Ihr Kind die M\u00f6glichkeit bekommt die Schule und andere Lernanf\u00e4nger*innen kennenzulernen.&nbsp;<\/strong><\/p>\n\n\n\n<p>\u00dcber die geplanten Treffen werden Sie fr\u00fchzeitig informiert<\/p>\n\n\n\n<p>Diese Betreuung kann allerdings leider erst f\u00fcr Kinder<strong> ab 3 Jahren<\/strong> angeboten werden.<\/p>\n\n\n\n<p>Weitere Informationen finden Sie zus\u00e4tzlich <a href=\"https:\/\/education-y.de\/handlungsfelder\/familie\/family-programm\/\">hier.<\/a><\/p>\n","protected":false},"excerpt":{"rendered":"<p>Seit dem Schuljahr 2021\/2022 sind wir offizielle FamilY Begleiterinnen! Jedes 2. Schulhalbjahr finden&nbsp; drei Treffen vor den Sommerferien statt. Zu diesen Treffen sind alle Erziehungsberechtigten der Lernanf\u00e4nger*innen herzlich eingeladen. Mit unserer Hilfe werden die Eltern in den neuen Lebensabschnitt des&#8230;<\/p>\n","protected":false},"author":3,"featured_media":0,"comment_status":"closed","ping_status":"closed","sticky":false,"template":"","format":"standard","meta":[],"categories":[1],"tags":[],"_links":{"self":[{"href":"https:\/\/funke-grundschule.de\/index.php?rest_route=\/wp\/v2\/posts\/6703"}],"collection":[{"href":"https:\/\/funke-grundschule.de\/index.php?rest_route=\/wp\/v2\/posts"}],"about":[{"href":"https:\/\/funke-grundschule.de\/index.php?rest_route=\/wp\/v2\/types\/post"}],"author":[{"embeddable":true,"href":"https:\/\/funke-grundschule.de\/index.php?rest_route=\/wp\/v2\/users\/3"}],"replies":[{"embeddable":true,"href":"https:\/\/funke-grundschule.de\/index.php?rest_route=%2Fwp%2Fv2%2Fcomments&post=6703"}],"version-history":[{"count":3,"href":"https:\/\/funke-grundschule.de\/index.php?rest_route=\/wp\/v2\/posts\/6703\/revisions"}],"predecessor-version":[{"id":6707,"href":"https:\/\/funke-grundschule.de\/index.php?rest_route=\/wp\/v2\/posts\/6703\/revisions\/6707"}],"wp:attachment":[{"href":"https:\/\/funke-grundschule.de\/index.php?rest_route=%2Fwp%2Fv2%2Fmedia&parent=6703"}],"wp:term":[{"taxonomy":"category","embeddable":true,"href":"https:\/\/funke-grundschule.de\/index.php?rest_route=%2Fwp%2Fv2%2Fcategories&post=6703"},{"taxonomy":"post_tag","embeddable":true,"href":"https:\/\/funke-grundschule.de\/index.php?rest_route=%2Fwp%2Fv2%2Ftags&post=6703"}],"curies":[{"name":"wp","href":"https:\/\/api.w.org\/{rel}","templated":true}]}}