{"id":6319,"date":"2022-11-27T16:35:44","date_gmt":"2022-11-27T15:35:44","guid":{"rendered":"https:\/\/funke-grundschule.de\/?p=6319"},"modified":"2022-11-27T16:35:46","modified_gmt":"2022-11-27T15:35:46","slug":"speiseplan-28-11-02-12-2022","status":"publish","type":"post","link":"https:\/\/funke-grundschule.de\/?p=6319","title":{"rendered":"Speiseplan 28.11. &#8211; 02.12.2022"},"content":{"rendered":"\n<p><strong>Montag, 28.11.22<\/strong><br>Spinat &#8211; Kartoffel &#8211; Gratin<\/p>\n\n\n\n<p><strong>Dienstag, 29.11.22<\/strong><br>Mini Gefl\u00fcgelbratw\u00fcrstchen von der Pute oder vegetarische W\u00fcrstchen mit <br>Fr\u00fchlingsp\u00fcree, Brokkoli und brauner So\u00dfe<\/p>\n\n\n\n<p><strong>Mittwoch, 30.11.22<\/strong><br>Germkn\u00f6del mit Vanilleso\u00dfe<\/p>\n\n\n\n<p><strong>Donnerstag, 01.12.22<\/strong><br>Nudeltaschen mit Gem\u00fcsef\u00fcllung in Bouillon und Vollkornbr\u00f6tchen<\/p>\n\n\n\n<p><strong>Freitag, 02.12.22<\/strong><br>Alaska Seelachsschnitten (aus nachhaltiger Fischwirtschaft) in feiner Tomatenso\u00dfe oder<br>Grillk\u00e4se auf Gem\u00fcse mediterraner Art mit Basmatireis<br><\/p>\n","protected":false},"excerpt":{"rendered":"<p>Montag, 28.11.22Spinat &#8211; Kartoffel &#8211; Gratin Dienstag, 29.11.22Mini Gefl\u00fcgelbratw\u00fcrstchen von der Pute oder vegetarische W\u00fcrstchen mit Fr\u00fchlingsp\u00fcree, Brokkoli und brauner So\u00dfe Mittwoch, 30.11.22Germkn\u00f6del mit Vanilleso\u00dfe Donnerstag, 01.12.22Nudeltaschen mit Gem\u00fcsef\u00fcllung in Bouillon und Vollkornbr\u00f6tchen Freitag, 02.12.22Alaska Seelachsschnitten (aus nachhaltiger Fischwirtschaft) in&#8230;<\/p>\n","protected":false},"author":3,"featured_media":0,"comment_status":"closed","ping_status":"closed","sticky":false,"template":"","format":"standard","meta":[],"categories":[13],"tags":[],"_links":{"self":[{"href":"https:\/\/funke-grundschule.de\/index.php?rest_route=\/wp\/v2\/posts\/6319"}],"collection":[{"href":"https:\/\/funke-grundschule.de\/index.php?rest_route=\/wp\/v2\/posts"}],"about":[{"href":"https:\/\/funke-grundschule.de\/index.php?rest_route=\/wp\/v2\/types\/post"}],"author":[{"embeddable":true,"href":"https:\/\/funke-grundschule.de\/index.php?rest_route=\/wp\/v2\/users\/3"}],"replies":[{"embeddable":true,"href":"https:\/\/funke-grundschule.de\/index.php?rest_route=%2Fwp%2Fv2%2Fcomments&post=6319"}],"version-history":[{"count":1,"href":"https:\/\/funke-grundschule.de\/index.php?rest_route=\/wp\/v2\/posts\/6319\/revisions"}],"predecessor-version":[{"id":6320,"href":"https:\/\/funke-grundschule.de\/index.php?rest_route=\/wp\/v2\/posts\/6319\/revisions\/6320"}],"wp:attachment":[{"href":"https:\/\/funke-grundschule.de\/index.php?rest_route=%2Fwp%2Fv2%2Fmedia&parent=6319"}],"wp:term":[{"taxonomy":"category","embeddable":true,"href":"https:\/\/funke-grundschule.de\/index.php?rest_route=%2Fwp%2Fv2%2Fcategories&post=6319"},{"taxonomy":"post_tag","embeddable":true,"href":"https:\/\/funke-grundschule.de\/index.php?rest_route=%2Fwp%2Fv2%2Ftags&post=6319"}],"curies":[{"name":"wp","href":"https:\/\/api.w.org\/{rel}","templated":true}]}}